{"id":1737,"date":"2025-03-28T19:26:51","date_gmt":"2025-03-28T18:26:51","guid":{"rendered":"https:\/\/www.as-fensterbau.de\/?p=1737"},"modified":"2025-03-31T18:56:15","modified_gmt":"2025-03-31T16:56:15","slug":"rc3-kunststofffenster","status":"publish","type":"post","link":"https:\/\/www.as-fensterbau.de\/index.php\/rc3-kunststofffenster","title":{"rendered":"RC3 Kunststofffenster"},"content":{"rendered":"<p>[et_pb_section fb_built=&#8221;1&#8243; fullwidth=&#8221;on&#8221; custom_padding_last_edited=&#8221;on|desktop&#8221; _builder_version=&#8221;3.22&#8243; background_color=&#8221;#ffffff&#8221; custom_padding_tablet=&#8221;50px|0|50px|0&#8243; custom_padding_phone=&#8221;&#8221; transparent_background=&#8221;off&#8221; padding_mobile=&#8221;off&#8221; make_fullwidth=&#8221;off&#8221; use_custom_width=&#8221;off&#8221; width_unit=&#8221;on&#8221; global_module=&#8221;147&#8243;][et_pb_fullwidth_menu menu_id=&#8221;2&#8243; submenu_direction=&#8221;downwards&#8221; fullwidth_menu=&#8221;on&#8221; active_link_color=&#8221;#dd0060&#8243; dropdown_menu_bg_color=&#8221;#ffffff&#8221; dropdown_menu_line_color=&#8221;rgba(197,198,198,0)&#8221; dropdown_menu_text_color=&#8221;#005396&#8243; mobile_menu_bg_color=&#8221;#ffffff&#8221; mobile_menu_text_color=&#8221;#005396&#8243; admin_label=&#8221;Hauptmen\u00fc&#8221; _builder_version=&#8221;3.0.98&#8243; menu_font=&#8221;|on||on|&#8221; menu_font_size=&#8221;15px&#8221; background_color=&#8221;#005396&#8243; text_orientation=&#8221;center&#8221; background_layout=&#8221;dark&#8221; dropdown_menu_animation=&#8221;expand&#8221; menu_font_size_last_edited=&#8221;off|desktop&#8221;][\/et_pb_fullwidth_menu][\/et_pb_section][et_pb_section fb_built=&#8221;1&#8243; custom_padding_last_edited=&#8221;on|desktop&#8221; admin_label=&#8221;section&#8221; _builder_version=&#8221;4.9.2&#8243; background_color=&#8221;#ffffff&#8221; custom_margin=&#8221;2rem||||false|false&#8221; custom_margin_tablet=&#8221;0rem||||false|false&#8221; custom_margin_phone=&#8221;&#8221; custom_margin_last_edited=&#8221;on|phone&#8221; custom_padding=&#8221;0px|||&#8221; custom_padding_tablet=&#8221;50px|0|50px|0&#8243; custom_padding_phone=&#8221;&#8221; transparent_background=&#8221;off&#8221; padding_mobile=&#8221;off&#8221; make_fullwidth=&#8221;off&#8221; use_custom_width=&#8221;off&#8221; width_unit=&#8221;on&#8221; global_module=&#8221;148&#8243;][et_pb_row column_structure=&#8221;3_5,2_5&#8243; admin_label=&#8221;row&#8221; _builder_version=&#8221;4.9.2&#8243; background_size=&#8221;initial&#8221; background_position=&#8221;top_left&#8221; background_repeat=&#8221;repeat&#8221;][et_pb_column type=&#8221;3_5&#8243; _builder_version=&#8221;3.25&#8243; custom_padding=&#8221;|||&#8221; custom_padding__hover=&#8221;|||&#8221;][et_pb_image src=&#8221;https:\/\/www.as-fensterbau.de\/wp-content\/uploads\/2023\/07\/Logo_AS-Fensterbau.svg&#8221; alt=&#8221;AS Fensterbau GmbH&#8221; title_text=&#8221;Logo_AS Fensterbau&#8221; url=&#8221;https:\/\/www.as-fensterbau.de&#8221; align=&#8221;center&#8221; force_fullwidth=&#8221;on&#8221; align_tablet=&#8221;left&#8221; align_phone=&#8221;left&#8221; align_last_edited=&#8221;on|desktop&#8221; admin_label=&#8221;Logo&#8221; _builder_version=&#8221;4.9.2&#8243; animation=&#8221;off&#8221; sticky=&#8221;off&#8221; use_border_color=&#8221;off&#8221; border_color=&#8221;#ffffff&#8221; border_style=&#8221;solid&#8221; always_center_on_mobile=&#8221;on&#8221;][\/et_pb_image][\/et_pb_column][et_pb_column type=&#8221;2_5&#8243; _builder_version=&#8221;3.25&#8243; custom_padding=&#8221;|||&#8221; custom_padding__hover=&#8221;|||&#8221;][et_pb_divider show_divider=&#8221;off&#8221; disabled_on=&#8221;on|on|off&#8221; admin_label=&#8221;Teiler&#8221; _builder_version=&#8221;4.9.2&#8243; height=&#8221;32px&#8221; hide_on_mobile=&#8221;on&#8221;][\/et_pb_divider][et_pb_text admin_label=&#8221;Adresse AS Fensterbau&#8221; _builder_version=&#8221;4.9.2&#8243; text_font=&#8221;|on|||&#8221; text_text_color=&#8221;#005396&#8243; background_size=&#8221;initial&#8221; background_position=&#8221;top_left&#8221; background_repeat=&#8221;repeat&#8221; use_border_color=&#8221;off&#8221; saved_tabs=&#8221;all&#8221;]<\/p>\n<p>AS Fensterbau GmbH<\/p>\n<p>Wierlings Busch 3<br \/>48249 D\u00fclmen<br \/>Tel: <a href=\"tel:+492594991123\">0 25 94 \/ 99 11 23<\/a><br \/>Fax: 0 25 94 \/ 99 11 57<br \/>E-Mail: <a href=\"mailto:info@as-fensterbau.de\">info@as-fensterbau.de<\/a><\/p>\n<p>Mo &#8211; Do: 7:00 bis 16:00 Uhr<br \/>Fr: 7:00 bis 13:30 Uhr<\/p>\n<p>[\/et_pb_text][\/et_pb_column][\/et_pb_row][\/et_pb_section][et_pb_section fb_built=&#8221;1&#8243; admin_label=&#8221;section&#8221; _builder_version=&#8221;3.22&#8243;][et_pb_row admin_label=&#8221;row&#8221; _builder_version=&#8221;3.25&#8243; background_size=&#8221;initial&#8221; background_position=&#8221;top_left&#8221; background_repeat=&#8221;repeat&#8221;][et_pb_column type=&#8221;4_4&#8243; _builder_version=&#8221;3.25&#8243; custom_padding=&#8221;|||&#8221; custom_padding__hover=&#8221;|||&#8221;][et_pb_post_title meta=&#8221;off&#8221; featured_image=&#8221;off&#8221; _builder_version=&#8221;4.9.2&#8243; title_all_caps=&#8221;off&#8221; background_color=&#8221;rgba(255,255,255,0)&#8221; parallax=&#8221;on&#8221; use_border_color=&#8221;off&#8221; border_color=&#8221;#ffffff&#8221; border_style=&#8221;solid&#8221; parallax_effect=&#8221;on&#8221; module_bg_color=&#8221;rgba(255,255,255,0)&#8221;][\/et_pb_post_title][et_pb_text disabled_on=&#8221;on|on|on&#8221; _builder_version=&#8221;4.9.2&#8243; background_size=&#8221;initial&#8221; background_position=&#8221;top_left&#8221; background_repeat=&#8221;repeat&#8221; use_border_color=&#8221;off&#8221; disabled=&#8221;on&#8221;]<\/p>\n<p>Die matten Oberfl\u00e4chen von KALEIDO WOODEC sind nicht nur sch\u00f6n anzusehen, sondern f\u00fchlen sich auch noch besonders echt an.<\/p>\n<p>Sie werden erstaunt sein, denn KALEIDO WOODEC macht es Ihnen wirklich schwer, Kunststofffenster von Holzfenstern zu unterscheiden.<\/p>\n<ul>\n<li>Pflegeleichte Oberfl\u00e4che<\/li>\n<li>Innovatives Design\u2029und aktuelle Trendfarben<\/li>\n<li>Witterungsbest\u00e4ndig\u2029und lichtecht<\/li>\n<\/ul>\n<p>Weitere Information zum <a href=\"https:\/\/www.as-fensterbau.de\/wp-content\/uploads\/2020\/01\/Kaleido-woodec.pdf\" target=\"_blank\" rel=\"noopener noreferrer\">Download als PDF<\/a><\/p>\n<p>&nbsp;<\/p>\n<ul class=\"et_post_gallery clearfix\">\n\t\t\t\t\t<li class=\"et_gallery_item et_pb_gallery_image\">\n\t\t\t\t\t\t<a href=\"https:\/\/www.as-fensterbau.de\/wp-content\/uploads\/2020\/01\/holzfenster-gross.jpg\" title=\"Holzfenster KALEIDO WOODEC\">\n\t\t\t\t\t\t\t<span class=\"et_portfolio_image\">\n\t\t\t\t\t\t\t\t<img loading=\"lazy\" decoding=\"async\" width=\"400\" height=\"284\" src=\"https:\/\/www.as-fensterbau.de\/wp-content\/uploads\/2020\/01\/holzfenster-gross-800x568.jpg\" class=\"attachment-et-pb-portfolio-image size-et-pb-portfolio-image\" alt=\"KALEIDO WOODEC\" \/>\n\t\t\t\t\t\t\t\t<span class=\"et_overlay\"><\/span>\n\t\t\t\t\t\t\t<\/span>\n\t\t\t\t\t\t<\/a>\n\t\t\t\t\t\t<p class=\"et_pb_gallery_caption\">Holzfenster KALEIDO WOODEC<\/p>\n\t\t\t\t\t<\/li><li class=\"et_gallery_item et_pb_gallery_image\">\n\t\t\t\t\t\t<a href=\"https:\/\/www.as-fensterbau.de\/wp-content\/uploads\/2020\/01\/holzfenster-rahmen.jpg\" title=\"Rahmen KALEIDO WOODEC\">\n\t\t\t\t\t\t\t<span class=\"et_portfolio_image\">\n\t\t\t\t\t\t\t\t<img loading=\"lazy\" decoding=\"async\" width=\"211\" height=\"284\" src=\"https:\/\/www.as-fensterbau.de\/wp-content\/uploads\/2020\/01\/holzfenster-rahmen-422x568.jpg\" class=\"attachment-et-pb-portfolio-image size-et-pb-portfolio-image\" alt=\"KALEIDO WOODEC\" \/>\n\t\t\t\t\t\t\t\t<span class=\"et_overlay\"><\/span>\n\t\t\t\t\t\t\t<\/span>\n\t\t\t\t\t\t<\/a>\n\t\t\t\t\t\t<p class=\"et_pb_gallery_caption\">Rahmen KALEIDO WOODEC<\/p>\n\t\t\t\t\t<\/li>\n\t\t\t\t<\/ul>\n<p>[\/et_pb_text][\/et_pb_column][\/et_pb_row][et_pb_row column_structure=&#8221;1_2,1_2&#8243; make_equal=&#8221;on&#8221; module_id=&#8221;rc3-kunststofffenster&#8221; _builder_version=&#8221;4.9.2&#8243; _module_preset=&#8221;default&#8221; custom_css_main_element=&#8221;align-items: center;&#8221;][et_pb_column type=&#8221;1_2&#8243; _builder_version=&#8221;4.9.2&#8243; _module_preset=&#8221;default&#8221;][et_pb_text admin_label=&#8221;Text&#8221; _builder_version=&#8221;4.9.2&#8243; _module_preset=&#8221;default&#8221; hover_enabled=&#8221;0&#8243; sticky_enabled=&#8221;0&#8243;]<\/p>\n<h3>RC3 Kunststofffenster<br \/>Beschlag<\/h3>\n<p>&nbsp;<\/p>\n<ul>\n<li>Ausf\u00fchrung als DK oder Kipp-vor-Dreh<\/li>\n<li>Mindestens 16 Pilzkopfverriegelungen<\/li>\n<li>Verschiebesicherungen<\/li>\n<li>umlaufende Beschlagkopplung<\/li>\n<li>Abschlie\u00dfbare Griffolive mit 100 Nm + Bohrschutz<\/li>\n<\/ul>\n<p>[\/et_pb_text][\/et_pb_column][et_pb_column type=&#8221;1_2&#8243; _builder_version=&#8221;4.9.2&#8243; _module_preset=&#8221;default&#8221;][et_pb_image src=&#8221;https:\/\/www.as-fensterbau.de\/wp-content\/uploads\/2025\/03\/RC3-kunststofffenster-skizze.jpg&#8221; title_text=&#8221;RC3-kunststofffenster-skizze&#8221; show_in_lightbox=&#8221;on&#8221; _builder_version=&#8221;4.9.2&#8243; _module_preset=&#8221;default&#8221;][\/et_pb_image][\/et_pb_column][\/et_pb_row][et_pb_row _builder_version=&#8221;4.9.2&#8243; _module_preset=&#8221;default&#8221;][et_pb_column type=&#8221;4_4&#8243; _builder_version=&#8221;4.9.2&#8243; _module_preset=&#8221;default&#8221;][et_pb_text _builder_version=&#8221;4.9.2&#8243; _module_preset=&#8221;default&#8221;]<\/p>\n<h3>RC3 Kunststoffenster<br \/>Elementtypen \/ \u00d6ffnungsarten<\/h3>\n<p>[\/et_pb_text][et_pb_image src=&#8221;https:\/\/www.as-fensterbau.de\/wp-content\/uploads\/2025\/03\/RC3-fenster-typen.jpg&#8221; title_text=&#8221;RC3-fenster-typen&#8221; show_in_lightbox=&#8221;on&#8221; align=&#8221;center&#8221; _builder_version=&#8221;4.9.2&#8243; _module_preset=&#8221;default&#8221; max_width=&#8221;900px&#8221;][\/et_pb_image][\/et_pb_column][\/et_pb_row][et_pb_row padding_mobile=&#8221;off&#8221; column_padding_mobile=&#8221;on&#8221; _builder_version=&#8221;3.25&#8243; background_size=&#8221;initial&#8221; background_position=&#8221;top_left&#8221; background_repeat=&#8221;repeat&#8221; make_fullwidth=&#8221;off&#8221; use_custom_width=&#8221;off&#8221; width_unit=&#8221;on&#8221; global_module=&#8221;199&#8243;][et_pb_column type=&#8221;4_4&#8243; _builder_version=&#8221;3.25&#8243; custom_padding=&#8221;|||&#8221; custom_padding__hover=&#8221;|||&#8221;][et_pb_post_nav in_same_term=&#8221;off&#8221; prev_text=&#8221;Vorherigen Beitrag %22%title%22 lesen&#8230;.&#8221; next_text=&#8221;N\u00e4chsten Beitrag %22%title%22 lesen&#8230;.&#8221; _builder_version=&#8221;3.0.87&#8243; title_font=&#8221;|on||on|&#8221; title_text_color=&#8221;#005396&#8243; use_border_color=&#8221;off&#8221; border_color=&#8221;#ffffff&#8221; border_style=&#8221;solid&#8221; hide_prev=&#8221;off&#8221; hide_next=&#8221;off&#8221;][\/et_pb_post_nav][\/et_pb_column][\/et_pb_row][\/et_pb_section]<\/p>\n","protected":false},"excerpt":{"rendered":"<p>Wir k\u00f6nnen RC3 Kunststofffenster fertigen&#8230;<\/p>\n","protected":false},"author":2,"featured_media":1715,"comment_status":"closed","ping_status":"closed","sticky":false,"template":"","format":"standard","meta":{"_et_pb_use_builder":"on","_et_pb_old_content":"","_et_gb_content_width":"","inline_featured_image":false,"footnotes":""},"categories":[1],"tags":[],"class_list":["post-1737","post","type-post","status-publish","format-standard","has-post-thumbnail","hentry","category-allgemein"],"_links":{"self":[{"href":"https:\/\/www.as-fensterbau.de\/index.php\/wp-json\/wp\/v2\/posts\/1737","targetHints":{"allow":["GET"]}}],"collection":[{"href":"https:\/\/www.as-fensterbau.de\/index.php\/wp-json\/wp\/v2\/posts"}],"about":[{"href":"https:\/\/www.as-fensterbau.de\/index.php\/wp-json\/wp\/v2\/types\/post"}],"author":[{"embeddable":true,"href":"https:\/\/www.as-fensterbau.de\/index.php\/wp-json\/wp\/v2\/users\/2"}],"replies":[{"embeddable":true,"href":"https:\/\/www.as-fensterbau.de\/index.php\/wp-json\/wp\/v2\/comments?post=1737"}],"version-history":[{"count":8,"href":"https:\/\/www.as-fensterbau.de\/index.php\/wp-json\/wp\/v2\/posts\/1737\/revisions"}],"predecessor-version":[{"id":1769,"href":"https:\/\/www.as-fensterbau.de\/index.php\/wp-json\/wp\/v2\/posts\/1737\/revisions\/1769"}],"wp:featuredmedia":[{"embeddable":true,"href":"https:\/\/www.as-fensterbau.de\/index.php\/wp-json\/wp\/v2\/media\/1715"}],"wp:attachment":[{"href":"https:\/\/www.as-fensterbau.de\/index.php\/wp-json\/wp\/v2\/media?parent=1737"}],"wp:term":[{"taxonomy":"category","embeddable":true,"href":"https:\/\/www.as-fensterbau.de\/index.php\/wp-json\/wp\/v2\/categories?post=1737"},{"taxonomy":"post_tag","embeddable":true,"href":"https:\/\/www.as-fensterbau.de\/index.php\/wp-json\/wp\/v2\/tags?post=1737"}],"curies":[{"name":"wp","href":"https:\/\/api.w.org\/{rel}","templated":true}]}}